{"id":3967,"date":"2021-05-04T15:56:20","date_gmt":"2021-05-04T20:56:20","guid":{"rendered":"http:\/\/www.eduvirtual.info\/campus\/?p=3967"},"modified":"2021-05-24T19:58:12","modified_gmt":"2021-05-25T00:58:12","slug":"medios-digitales-en-el-aula-television-radio-y-periodicos-en-linea","status":"publish","type":"post","link":"https:\/\/www.eduvirtual.info\/campus\/medios-digitales-en-el-aula-television-radio-y-periodicos-en-linea\/","title":{"rendered":"Medios Digitales en el Aula: Televisi\u00f3n, Radio y Per\u00edodicos en l\u00ednea"},"content":{"rendered":"<p style=\"text-align: justify;\"><span style=\"text-decoration: underline;\"><strong><span style=\"font-family: tahoma,arial,helvetica,sans-serif;\">PRESENTACI\u00d3N:<\/span><\/strong><\/span><\/p>\n<p style=\"text-align: justify;\">La sociedad actual se enfrenta a una revoluci\u00f3n tecnol\u00f3gica, que manipula el comportamiento y la actitud de cualquier persona, especialmente de los ni\u00f1os. Cualquier persona se entrega a la tecnolog\u00eda, pero los ni\u00f1os son sus principales partidarios, porque se aprovechan de ellos en todo y por todo lo que hacen.<br \/>\nLos medios de comunicaci\u00f3n son sus preferidos por su informalidad y por las experiencias a varios niveles con la imagen, el audio, el movimiento y la interacci\u00f3n. Aprovechar los medios de comunicaci\u00f3n en un contexto educativo debe ser mucho m\u00e1s que eso, debe ser un momento de animaci\u00f3n, de inter\u00e9s, de motivaci\u00f3n, que facilite la construcci\u00f3n del conocimiento por los estudiantes.<br \/>\nComo resultado de la influencia que tiene la tecnolog\u00eda en la vida de los ni\u00f1os, se propone este curso, que ir\u00e1 permitir entender y aprender a utilizar las diferentes herramientas para la construcci\u00f3n de medios digitales, televisi\u00f3n, radio y peri\u00f3dicos en l\u00ednea. La intenci\u00f3n es utilizar varias herramientas de la Web 2.0 y otras (blogs, canales de TV, Audio).<\/p>\n<p style=\"text-align: justify;\"><span style=\"text-decoration: underline;\"><strong><span style=\"font-family: tahoma,arial,helvetica,sans-serif;\"><br \/>\nOBJETIVOS:<\/span><\/strong><\/span><\/p>\n<ul>\n<li style=\"text-align: justify;\">Entender los desaf\u00edos de la educaci\u00f3n en el contexto actual de la Sociedad de la Informaci\u00f3n y el Conocimiento.<\/li>\n<li style=\"text-align: justify;\">Reconocer la importancia de las tecnolog\u00edas de la comunicaci\u00f3n para apoyar la ense\u00f1anza-aprendizaje<\/li>\n<li style=\"text-align: justify;\">Mejorar la integraci\u00f3n de las tecnolog\u00edas en el \u00e1mbito educativo.<\/li>\n<li style=\"text-align: justify;\">Repensar la funci\u00f3n de la ense\u00f1anza-aprendizaje con los medios digitales.<\/li>\n<li style=\"text-align: justify;\">Explorar los servicios Web 2.0 (Videocast &#8211; TV; Blogs y Podcast \u2013 Audio).<\/li>\n<li style=\"text-align: justify;\">Desarrollar recursos multimedia, materiales y actividades para los diferentes medios digitales.<\/li>\n<li style=\"text-align: justify;\">Diferenciar y reconocer el potencial de los servicios Web 2.0, para la promoci\u00f3n de los medios digitales.<br \/>\n<strong><span style=\"font-family: tahoma,arial,helvetica,sans-serif;\"><br \/>\n<\/span><\/strong><\/li>\n<\/ul>\n<p style=\"text-align: justify;\"><span style=\"text-decoration: underline;\"><strong><span style=\"font-family: tahoma,arial,helvetica,sans-serif;\">TEMARIO:<\/span><\/strong><\/span><\/p>\n<p style=\"text-align: justify;\"><strong>M\u00f3dulo 1: Presentaci\u00f3n del curso e introducci\u00f3n al tema Medios Digitales.<\/strong><br \/>\n&#8211; Medios Digitales; Formaci\u00f3n mediada por las tecnolog\u00edas; La comunicaci\u00f3n mediada por tecnolog\u00edas en la ense\u00f1anza universitaria; Construcci\u00f3n de un Medio de Comunicaci\u00f3n Digital. De los Archivos Estudiantiles a las Publicaciones Online.<\/p>\n<p style=\"text-align: justify;\"><strong>M\u00f3dulo 2: Web 2.0<\/strong><br \/>\n&#8211; Conceptualizando la Web 2.0; Web 2.0 y educaci\u00f3n; Para consultar y conocer diversas herramientas de la Web 2.0..<\/p>\n<p style=\"text-align: justify;\"><strong>M\u00f3dulo 3: El uso de herramientas de la Web 2.0 y otros software para la creaci\u00f3n y promoci\u00f3n de medios digitales.<\/strong><br \/>\n&#8211; Tutorial del editor de audio Audacity; Enlace de descarga de Audacity; Tutorial del editor de videos OpenShot, enlace de descarga de OpenShot.<\/p>\n<p style=\"text-align: justify;\"><strong>M\u00f3dulo 4: Medios Digitales.<\/strong><br \/>\n&#8211; Herramientas de la Web 2.0 \u2013 Construcci\u00f3n de un Peri\u00f3dico Digital \/ Blog; Crear un blog con Blogger; Funcionamiento de un peri\u00f3dico escolar; Periodico digital de Paper Li; Herramientas de la Web 2.0 \u2013 Construcci\u00f3n de una Radio Digital \/ Podcast; \u00bfQu\u00e9 es un Podcast?; Como hacer un Podcast con Audacity.<\/p>\n<p style=\"text-align: justify;\"><strong>M\u00f3dulo 5: Medios Digitales.<\/strong><br \/>\n&#8211; Herramientas de la Web 2.0 \u2013 Construcci\u00f3n de una TV Digital \/ Videocast; Creando cuenta y canales en Youtube.<\/p>\n<p style=\"text-align: justify;\"><span style=\"text-decoration: underline;\"><strong><span style=\"font-family: tahoma,arial,helvetica,sans-serif;\">DIRIGIDO A:<\/span><\/strong><\/span><\/p>\n<p style=\"text-align: justify;\"><span style=\"font-family: tahoma,arial,helvetica,sans-serif;\">Educadores y profesionales que requieran capacitarse en medios digitales y web 2.0.<br \/>\n<\/span><\/p>\n<p style=\"text-align: justify;\"><span style=\"text-decoration: underline;\"><strong><span style=\"font-family: tahoma,arial,helvetica,sans-serif;\"><br \/>\nDURACI\u00d3N:<\/span><\/strong><\/span><\/p>\n<p style=\"text-align: justify;\"><span style=\"font-family: tahoma,arial,helvetica,sans-serif;\"><strong>5 semanas<\/strong>.\u00a0<\/span><span style=\"font-family: tahoma,arial,helvetica,sans-serif;\">Cada UNIDAD est\u00e1 compuesta por dos sesiones o clases semanales, las cuales ser\u00e1n publicadas cada semana. Luego de completar las 5 semanas, se le brindar\u00e1 3 semanas adicionales para complete el curso en el caso tenga alg\u00fan retraso. \u00a0En el caso que no logre completar el curso en este tiempo adicional, se le brindar\u00e1 la opci\u00f3n de cursar en la siguiente convocatoria del curso sin penalidades o pagos adicionales.\u00a0<\/span><\/p>\n<p style=\"text-align: justify;\"><span style=\"text-decoration: underline;\"><strong><span style=\"font-family: tahoma,arial,helvetica,sans-serif;\"><br \/>\nCERTIFICACI\u00d3N:<\/span><\/strong><\/span><\/p>\n<p style=\"text-align: justify;\"><span style=\"font-family: tahoma,arial,helvetica,sans-serif;\">Diploma certificado por <strong>\u00a0EDUVIRTUAL &#8211; CECIP &#8211; REDEM<\/strong><\/span><\/p>\n<p style=\"text-align: justify;\"><strong><span style=\"font-family: tahoma,arial,helvetica,sans-serif;\">200 horas acad\u00e9micas.<\/span><\/strong><\/p>\n<p style=\"text-align: justify;\"><span style=\"font-family: tahoma,arial,helvetica,sans-serif;\">Los Diplomas ser\u00e1n emitidos de forma autom\u00e1tica una vez aprobado el curso y ser\u00e1n enviados en PDF (<strong>Documento original<\/strong>) a su correo electr\u00f3nico.<\/span><\/p>\n<p style=\"text-align: justify;\"><em><span style=\"font-family: tahoma,arial,helvetica,sans-serif;\">NOTA: La impresi\u00f3n de este diploma es exactamente igual a la que le entregar\u00edamos presencialmente, tiene todas las firmas y sellos oficiales.<\/span><\/em><\/p>\n<p style=\"text-align: justify;\"><span style=\"text-decoration: underline;\"><strong><span style=\"font-family: tahoma,arial,helvetica,sans-serif;\"><br \/>\nTUTORES:<\/span><\/strong><\/span><\/p>\n<p style=\"text-align: justify;\"><span style=\"font-family: tahoma,arial,helvetica,sans-serif;\">Equipo Multidisciplinario Internacional\u00a0 de\u00a0 CECIP y REDEM.<\/span><\/p>\n<p style=\"text-align: justify;\"><span style=\"font-family: tahoma,arial,helvetica,sans-serif;\">Responsable y tutora del curso:\u00a0 Carmen Zegarra L<b>.<\/b> &#8211;<span style=\"color: #ff0000;\"><strong> Espa\u00f1a.<\/strong><\/span><\/span> <span style=\"text-decoration: underline;\"><strong><span style=\"font-family: tahoma,arial,helvetica,sans-serif;\"><br \/>\n<\/span><\/strong><\/span><\/p>\n<p style=\"text-align: justify;\"><span style=\"text-decoration: underline;\"><strong><span style=\"font-family: tahoma,arial,helvetica,sans-serif;\">COSTO TOTAL:<\/span><\/strong><\/span><\/p>\n<p style=\"text-align: justify;\"><span style=\"font-family: tahoma,arial,helvetica,sans-serif;\">Costo Real $160.00 D\u00f3lares Americanos &#8211; Costo subsidiado<span style=\"background-color: #ffff00;\"><strong> $ 80.00 D\u00f3lares Americanos.<\/strong><\/span> (<strong>Solo para SUSCRIPTORES\u00a0 REDEM<\/strong>).<\/span><\/p>\n<p style=\"text-align: justify;\"><strong><span style=\"font-family: tahoma,arial,helvetica,sans-serif;\">Si no es suscriptor REDEM y desea acceder al beneficio, suscribase GRATUITAMENTE AQU\u00cd: <\/span><a title=\"Bolet\u00edn REDEM\" href=\"http:\/\/www.redem.org\/suscripcion-al-boletin-redem\" target=\"_blank\" rel=\"noopener noreferrer\"><span style=\"color: #ff0000;\">Bolet\u00edn REDEM<\/span><\/a><\/strong><\/p>\n<p style=\"text-align: justify;\"><span style=\"font-family: tahoma,arial,helvetica,sans-serif;\">El medio de pago se le informar\u00e1 luego de su inscripci\u00f3n al curso, tenemos varias aternativas de pago, dependiendo del pa\u00eds en donde usted reside.<\/span><\/p>\n<p style=\"text-align: justify;\"><span style=\"font-family: tahoma,arial,helvetica,sans-serif;\">Incluye costo de certificaci\u00f3n.<\/span><\/p>\n<p style=\"text-align: justify;\"><span style=\"font-family: tahoma,arial,helvetica,sans-serif;\"><span style=\"text-decoration: underline;\"><strong>INICIO DEL CURSO:\u00a0<\/strong><\/span>\u00a0\u00a0 [contact-form-7 id=\u00bb4104&#8243; title=\u00bbfecha cursos propios\u00bb]<\/span><\/p>\n<p style=\"text-align: justify;\"><span style=\"text-decoration: underline;\"><strong><span style=\"font-family: tahoma,arial,helvetica,sans-serif;\"><br \/>\nINSCRIPCIONES:<\/span><\/strong><\/span><\/p>\n<p style=\"text-align: justify;\"><span style=\"font-family: tahoma,arial,helvetica,sans-serif;\">Inscr\u00edbase en el siguiente formulario y recibir\u00e1 las indicaciones de pago para su pa\u00eds:<\/span><\/p>\n<p style=\"text-align: center;\"><span style=\"font-family: tahoma,arial,helvetica,sans-serif;\">Deseo inscribirme al Curso Virtual Internacional de Especializaci\u00f3n:<\/span><br \/>\n<strong><span style=\"font-family: tahoma,arial,helvetica,sans-serif;\">Medios Digitales en el Aula: Televisi\u00f3n, Radio y Per\u00edodicos en l\u00ednea<\/span><\/strong><\/p>\n<p style=\"text-align: center;\"><a href=\"https:\/\/www.comunicaciones.eduvirtual.info\/medios-digitales-en-el-aula-television-radio-y-periodicos-en-linea\" class=\"sc-button sc-button-medium\" style=\"background: #1e73be;color: #ffffff\"><span>Solicitar Inscripci\u00f3n<\/span><\/a>\n","protected":false},"excerpt":{"rendered":"<p>PRESENTACI\u00d3N: La sociedad actual se enfrenta a una revoluci\u00f3n tecnol\u00f3gica, que manipula el comportamiento y la actitud de cualquier persona, especialmente de los ni\u00f1os. Cualquier persona se entrega a la tecnolog\u00eda, pero los ni\u00f1os son sus principales partidarios, porque se aprovechan de ellos en todo y por todo lo que hacen. Los medios de comunicaci\u00f3n<\/p>\n","protected":false},"author":1,"featured_media":3968,"comment_status":"closed","ping_status":"closed","sticky":false,"template":"","format":"standard","meta":{"_acf_changed":false,"footnotes":""},"categories":[148,151,195,154,197],"tags":[188,182,184,185,186,187],"class_list":["post-3967","post","type-post","status-publish","format-standard","has-post-thumbnail","category-aulas-virtuales-para-docentes-y-capacitadores","category-informatica-y-computacion","category-progama-de-docentes-virtuales","category-tecnologias-de-informacion-y-comunicacion-tic","category-todos-los-cursos","tag-aulas-virtuales","tag-medios-digitales","tag-podcast","tag-tv","tag-videocast","tag-web-2-0"],"acf":[],"_links":{"self":[{"href":"https:\/\/www.eduvirtual.info\/campus\/wp-json\/wp\/v2\/posts\/3967","targetHints":{"allow":["GET"]}}],"collection":[{"href":"https:\/\/www.eduvirtual.info\/campus\/wp-json\/wp\/v2\/posts"}],"about":[{"href":"https:\/\/www.eduvirtual.info\/campus\/wp-json\/wp\/v2\/types\/post"}],"author":[{"embeddable":true,"href":"https:\/\/www.eduvirtual.info\/campus\/wp-json\/wp\/v2\/users\/1"}],"replies":[{"embeddable":true,"href":"https:\/\/www.eduvirtual.info\/campus\/wp-json\/wp\/v2\/comments?post=3967"}],"version-history":[{"count":9,"href":"https:\/\/www.eduvirtual.info\/campus\/wp-json\/wp\/v2\/posts\/3967\/revisions"}],"predecessor-version":[{"id":4886,"href":"https:\/\/www.eduvirtual.info\/campus\/wp-json\/wp\/v2\/posts\/3967\/revisions\/4886"}],"wp:featuredmedia":[{"embeddable":true,"href":"https:\/\/www.eduvirtual.info\/campus\/wp-json\/wp\/v2\/media\/3968"}],"wp:attachment":[{"href":"https:\/\/www.eduvirtual.info\/campus\/wp-json\/wp\/v2\/media?parent=3967"}],"wp:term":[{"taxonomy":"category","embeddable":true,"href":"https:\/\/www.eduvirtual.info\/campus\/wp-json\/wp\/v2\/categories?post=3967"},{"taxonomy":"post_tag","embeddable":true,"href":"https:\/\/www.eduvirtual.info\/campus\/wp-json\/wp\/v2\/tags?post=3967"}],"curies":[{"name":"wp","href":"https:\/\/api.w.org\/{rel}","templated":true}]}}